{"id":964,"date":"2019-09-30T11:32:07","date_gmt":"2019-09-30T11:32:07","guid":{"rendered":"https:\/\/www.n5yk.de\/academy\/?p=964"},"modified":"2023-08-13T15:15:19","modified_gmt":"2023-08-13T15:15:19","slug":"youve-got-the-power-auszeit-seminar-fuer-nannies","status":"publish","type":"post","link":"https:\/\/n5yk.de\/academy\/youve-got-the-power-auszeit-seminar-fuer-nannies\/","title":{"rendered":"YOU\u2019VE GOT THE POWER \u2013 das&nbsp;Aus\u00adzeit Semi\u00adnar f\u00fcr Nannies"},"content":{"rendered":"<p><\/p><div class=\"fusion-fullwidth fullwidth-box fusion-builder-row-1 fusion-flex-container nonhundred-percent-fullwidth non-hundred-percent-height-scrolling\" style=\"--awb-border-radius-top-left:0px;--awb-border-radius-top-right:0px;--awb-border-radius-bottom-right:0px;--awb-border-radius-bottom-left:0px;--awb-flex-wrap:wrap;\"><div class=\"fusion-builder-row fusion-row fusion-flex-align-items-flex-start fusion-flex-content-wrap\" style=\"max-width:calc( 1000px + 0px );margin-left: calc(-0px \/ 2 );margin-right: calc(-0px \/ 2 );\"><div class=\"fusion-layout-column fusion_builder_column fusion-builder-column-0 fusion_builder_column_1_1 1_1 fusion-flex-column\" style=\"--awb-bg-size:cover;--awb-width-large:100%;--awb-margin-top-large:0px;--awb-spacing-right-large:0px;--awb-margin-bottom-large:20px;--awb-spacing-left-large:0px;--awb-width-medium:100%;--awb-spacing-right-medium:0px;--awb-spacing-left-medium:0px;--awb-width-small:100%;--awb-spacing-right-small:0px;--awb-spacing-left-small:0px;\"><div class=\"fusion-column-wrapper lazyload fusion-column-has-shadow fusion-flex-justify-content-flex-start fusion-content-layout-column fusion-column-has-bg-image\" data-bg-url=\"https:\/\/n5yk.de\/academy\/wp-content\/uploads\/sites\/6\/2019\/07\/tipps-ratschla\u0308ge-wissenswertes-nanny-hauspersonal-perso\u0308nliche-assistenz-n4yk.jpg\" data-bg=\"https:\/\/n5yk.de\/academy\/wp-content\/uploads\/sites\/6\/2019\/07\/tipps-ratschla\u0308ge-wissenswertes-nanny-hauspersonal-perso\u0308nliche-assistenz-n4yk.jpg\"><div class=\"fusion-image-element \" style=\"text-align:center;--awb-caption-title-font-family:var(--h2_typography-font-family);--awb-caption-title-font-weight:var(--h2_typography-font-weight);--awb-caption-title-font-style:var(--h2_typography-font-style);--awb-caption-title-size:var(--h2_typography-font-size);--awb-caption-title-transform:var(--h2_typography-text-transform);--awb-caption-title-line-height:var(--h2_typography-line-height);--awb-caption-title-letter-spacing:var(--h2_typography-letter-spacing);\"><span class=\" fusion-imageframe imageframe-none imageframe-1 hover-type-none\"><img decoding=\"async\" width=\"2133\" height=\"2133\" alt=\"Coaching und Supervision f\u00fcr professionelle Nannies im Privathaushalt\" title=\"Aus\u00adzeit-semi\u00adnar-nan\u00adny-aka\u00adde\u00admie-coa\u00adching-erhol\u00adhung\" src=\"https:\/\/n5yk.de\/academy\/wp-content\/uploads\/sites\/6\/2019\/09\/Auszeit-seminar-nanny-akademie-coaching-erholhung-1.webp\" data-orig-src=\"https:\/\/n5yk.de\/academy\/wp-content\/uploads\/sites\/6\/2019\/09\/Auszeit-seminar-nanny-akademie-coaching-erholhung-1.webp\" class=\"lazyload img-responsive wp-image-962\" srcset=\"data:image\/svg+xml,%3Csvg%20xmlns%3D%27http%3A%2F%2Fwww.w3.org%2F2000%2Fsvg%27%20width%3D%272133%27%20height%3D%272133%27%20viewBox%3D%270%200%202133%202133%27%3E%3Crect%20width%3D%272133%27%20height%3D%272133%27%20fill-opacity%3D%220%22%2F%3E%3C%2Fsvg%3E\" data-srcset=\"https:\/\/n5yk.de\/academy\/wp-content\/uploads\/sites\/6\/2019\/09\/Auszeit-seminar-nanny-akademie-coaching-erholhung-1-200x200.webp 200w, https:\/\/n5yk.de\/academy\/wp-content\/uploads\/sites\/6\/2019\/09\/Auszeit-seminar-nanny-akademie-coaching-erholhung-1-400x400.webp 400w, https:\/\/n5yk.de\/academy\/wp-content\/uploads\/sites\/6\/2019\/09\/Auszeit-seminar-nanny-akademie-coaching-erholhung-1-600x600.webp 600w, https:\/\/n5yk.de\/academy\/wp-content\/uploads\/sites\/6\/2019\/09\/Auszeit-seminar-nanny-akademie-coaching-erholhung-1-800x800.webp 800w, https:\/\/n5yk.de\/academy\/wp-content\/uploads\/sites\/6\/2019\/09\/Auszeit-seminar-nanny-akademie-coaching-erholhung-1-1200x1200.webp 1200w, https:\/\/n5yk.de\/academy\/wp-content\/uploads\/sites\/6\/2019\/09\/Auszeit-seminar-nanny-akademie-coaching-erholhung-1.webp 2133w\" data-sizes=\"auto\" data-orig-sizes=\"(max-width: 1075px) 100vw, (max-width: 900px) 100vw, 800px\"><\/span><\/div><\/div><\/div><\/div><\/div><div class=\"fusion-fullwidth fullwidth-box fusion-builder-row-2 fusion-flex-container nonhundred-percent-fullwidth non-hundred-percent-height-scrolling\" style=\"--awb-border-radius-top-left:0px;--awb-border-radius-top-right:0px;--awb-border-radius-bottom-right:0px;--awb-border-radius-bottom-left:0px;--awb-padding-top:0px;--awb-padding-right:30px;--awb-padding-bottom:0px;--awb-padding-left:30px;--awb-margin-top:0px;--awb-margin-bottom:0px;--awb-flex-wrap:wrap;\"><div class=\"fusion-builder-row fusion-row fusion-flex-align-items-flex-start fusion-flex-content-wrap\" style=\"max-width:calc( 1000px + 0px );margin-left: calc(-0px \/ 2 );margin-right: calc(-0px \/ 2 );\"><div class=\"fusion-layout-column fusion_builder_column fusion-builder-column-1 fusion_builder_column_1_1 1_1 fusion-flex-column\" style=\"--awb-bg-size:cover;--awb-width-large:100%;--awb-margin-top-large:0px;--awb-spacing-right-large:0px;--awb-margin-bottom-large:20px;--awb-spacing-left-large:0px;--awb-width-medium:100%;--awb-spacing-right-medium:0px;--awb-spacing-left-medium:0px;--awb-width-small:100%;--awb-spacing-right-small:0px;--awb-spacing-left-small:0px;\"><div class=\"fusion-column-wrapper fusion-flex-justify-content-flex-start fusion-content-layout-column\"><div class=\"fusion-text fusion-text-1\"><h2>YOU\u2019VE GOT THE POWER. <strong>Aus\u00adzeit und Super\u00advi\u00adsi\u00adon f\u00fcr pro\u00adfes\u00adsio\u00adnel\u00adle Nannys<\/strong><\/h2>\n<\/div><\/div><\/div><\/div><\/div><div class=\"fusion-fullwidth fullwidth-box fusion-builder-row-3 fusion-flex-container nonhundred-percent-fullwidth non-hundred-percent-height-scrolling\" style=\"--awb-border-radius-top-left:0px;--awb-border-radius-top-right:0px;--awb-border-radius-bottom-right:0px;--awb-border-radius-bottom-left:0px;--awb-padding-top:0px;--awb-padding-right:30px;--awb-padding-bottom:0px;--awb-padding-left:30px;--awb-margin-top:0px;--awb-margin-bottom:0px;--awb-flex-wrap:wrap;\"><div class=\"fusion-builder-row fusion-row fusion-flex-align-items-flex-start fusion-flex-content-wrap\" style=\"max-width:calc( 1000px + 0px );margin-left: calc(-0px \/ 2 );margin-right: calc(-0px \/ 2 );\"><div class=\"fusion-layout-column fusion_builder_column fusion-builder-column-2 fusion_builder_column_1_1 1_1 fusion-flex-column\" style=\"--awb-padding-right:3%;--awb-padding-left:3%;--awb-bg-color:rgba(0,156,179,0.08);--awb-bg-color-hover:rgba(0,156,179,0.08);--awb-bg-size:cover;--awb-width-large:100%;--awb-margin-top-large:0px;--awb-spacing-right-large:0px;--awb-margin-bottom-large:0px;--awb-spacing-left-large:0px;--awb-width-medium:100%;--awb-spacing-right-medium:0px;--awb-spacing-left-medium:0px;--awb-width-small:100%;--awb-spacing-right-small:0px;--awb-spacing-left-small:0px;\"><div class=\"fusion-column-wrapper fusion-column-has-shadow fusion-flex-justify-content-flex-start fusion-content-layout-column\"><div class=\"fusion-separator fusion-full-width-sep\" style=\"align-self: center;margin-left: auto;margin-right: auto;margin-top:15px;width:100%;\"><\/div><div class=\"fusion-text fusion-text-2\"><p>Die\u00adses Semi\u00adnar ist spe\u00adzi\u00adell auf Nan\u00adnys aus\u00adge\u00adrich\u00adtet, die bereits in der pri\u00adva\u00adten Erzie\u00adhung t\u00e4tig sind. Es wird die eige\u00adne Per\u00ads\u00f6n\u00adlich\u00adkeit kla\u00adrer defi\u00adnie\u00adren und st\u00e4r\u00adken. Es wird l\u00f6sungs\u00adorin\u00adtiert auf indi\u00advi\u00addu\u00adel\u00adle The\u00admen der Teil\u00adneh\u00adme\u00adrin\u00adnen eingegangen.<\/p>\n<\/div><\/div><\/div><div class=\"fusion-layout-column fusion_builder_column fusion-builder-column-3 fusion_builder_column_1_1 1_1 fusion-flex-column\" style=\"--awb-padding-right:3%;--awb-padding-left:3%;--awb-bg-size:cover;--awb-width-large:100%;--awb-margin-top-large:0px;--awb-spacing-right-large:0px;--awb-margin-bottom-large:0px;--awb-spacing-left-large:0px;--awb-width-medium:100%;--awb-spacing-right-medium:0px;--awb-spacing-left-medium:0px;--awb-width-small:100%;--awb-spacing-right-small:0px;--awb-spacing-left-small:0px;\"><div class=\"fusion-column-wrapper fusion-column-has-shadow fusion-flex-justify-content-flex-start fusion-content-layout-column\"><div class=\"fusion-text fusion-text-3\"><h2>Ent\u00adfal\u00adte Dein per\u00ads\u00f6n\u00adli\u00adches Potential.<\/h2>\n<p>\u2022 Die Nan\u00adny als Team\u00adplay\u00ader: Inte\u00adgra\u00adti\u00adon und Konfrontation<br> \u2022 Die Nan\u00adny als role model: Wie bringt man alle Rol\u00adlen \u201eunter einen&nbsp;Hut\u201c?<br> \u2022 Die Nan\u00adny als Erzie\u00adhungs\u00adpart\u00adner: Wie wird das Ver\u00adh\u00e4lt\u00adnis zu den Eltern ver\u00adtrau\u00adens\u00advoll und lebendig?<br> \u2022 Die Nan\u00adny als Beglei\u00adte\u00adrin in einer sen\u00adsi\u00adblen Lebens\u00adpha\u00adse. Wie umge\u00adhen mit jun\u00adgen Eltern \/ Erstlingseltern?<br> \u2022 Wie fin\u00adde ich die rich\u00adti\u00adge Balan\u00adce zwi\u00adschen Distanz und&nbsp;N\u00e4he?<br> \u2022 Wie gehe ich gut aus der Fami\u00adlie? Abschied neh\u00admen von der Fami\u00adlie und den Kindern.<br> \u2022 Vor\u00adbe\u00adrei\u00adtung auf den neu\u00aden&nbsp;Job<br> Pro\u00adfes\u00adsio\u00adnel\u00adle Ent\u00adwick\u00adlung: Kom\u00admu\u00adni\u00adka\u00adti\u00adon mit&nbsp;Herz<br> \u2022 Grund\u00ads\u00e4t\u00adze in der Kom\u00admu\u00adni\u00adka\u00adti\u00adon mit den Eltern: wert\u00adsch\u00e4t\u00adzen\u00adde Kom\u00admu\u00adni\u00adka\u00adti\u00adon auch in Konfliktsituationen<br> \u2022 Grund\u00ads\u00e4t\u00adze in der Kom\u00admu\u00adni\u00adka\u00adti\u00adon mit Kin\u00addern: Ein\u00adf\u00fch\u00adlen in die Posi\u00adti\u00adon des Kin\u00addes, alters\u00adge\u00adm\u00e4\u00ad\u00dfe Kom\u00admu\u00adni\u00adka\u00adti\u00adons\u00adfor\u00admen fin\u00adden und anwenden<br> \u2022 Umgang mit Gef\u00fch\u00adlen: Beglei\u00adten von schwie\u00adri\u00adgen Situa\u00adtio\u00adnen und Gef\u00fchlen<br> \u2022 Die Fami\u00adlie als gemein\u00adsa\u00admes Projekt<\/p>\n<\/div><\/div><\/div><\/div><\/div><div class=\"fusion-fullwidth fullwidth-box fusion-builder-row-4 fusion-flex-container nonhundred-percent-fullwidth non-hundred-percent-height-scrolling\" style=\"--awb-border-radius-top-left:0px;--awb-border-radius-top-right:0px;--awb-border-radius-bottom-right:0px;--awb-border-radius-bottom-left:0px;--awb-padding-top:0px;--awb-padding-right:30px;--awb-padding-bottom:0px;--awb-padding-left:30px;--awb-margin-top:0px;--awb-margin-bottom:0px;--awb-background-color:rgba(0,156,179,0.08);--awb-flex-wrap:wrap;\"><div class=\"fusion-builder-row fusion-row fusion-flex-align-items-flex-start fusion-flex-content-wrap\" style=\"max-width:calc( 1000px + 0px );margin-left: calc(-0px \/ 2 );margin-right: calc(-0px \/ 2 );\"><div class=\"fusion-layout-column fusion_builder_column fusion-builder-column-4 fusion_builder_column_1_1 1_1 fusion-flex-column\" style=\"--awb-bg-size:cover;--awb-width-large:100%;--awb-margin-top-large:0px;--awb-spacing-right-large:0px;--awb-margin-bottom-large:20px;--awb-spacing-left-large:0px;--awb-width-medium:100%;--awb-spacing-right-medium:0px;--awb-spacing-left-medium:0px;--awb-width-small:100%;--awb-spacing-right-small:0px;--awb-spacing-left-small:0px;\"><div class=\"fusion-column-wrapper fusion-flex-justify-content-flex-start fusion-content-layout-column\"><div class=\"fusion-separator fusion-no-medium-visibility fusion-no-large-visibility fusion-full-width-sep\" style=\"align-self: center;margin-left: auto;margin-right: auto;margin-top:15px;width:100%;\"><\/div><div class=\"fusion-text fusion-text-4 fusion-no-medium-visibility fusion-no-large-visibility\"><h5 style=\"text-align: center;\">Dozen\u00adtin: Dr. Bar\u00adba\u00adra Tilmann<\/h5>\n<\/div><div class=\"fusion-builder-row fusion-builder-row-inner fusion-row fusion-flex-align-items-flex-start fusion-flex-content-wrap\" style=\"width:calc( 100% + 0px ) !important;max-width:calc( 100% + 0px ) !important;margin-left: calc(-0px \/ 2 );margin-right: calc(-0px \/ 2 );\"><div class=\"fusion-layout-column fusion_builder_column_inner fusion-builder-nested-column-0 fusion_builder_column_inner_1_2 1_2 fusion-flex-column\" style=\"--awb-padding-top:20px;--awb-padding-right:20px;--awb-padding-bottom:20px;--awb-padding-left:20px;--awb-bg-size:cover;--awb-width-large:50%;--awb-margin-top-large:0px;--awb-spacing-right-large:0px;--awb-margin-bottom-large:20px;--awb-spacing-left-large:0px;--awb-width-medium:100%;--awb-spacing-right-medium:0px;--awb-spacing-left-medium:0px;--awb-width-small:100%;--awb-spacing-right-small:0px;--awb-spacing-left-small:0px;\"><div class=\"fusion-column-wrapper fusion-column-has-shadow fusion-flex-justify-content-flex-start fusion-content-layout-column\"><div class=\"fusion-image-element \" style=\"text-align:center;--awb-caption-title-font-family:var(--h2_typography-font-family);--awb-caption-title-font-weight:var(--h2_typography-font-weight);--awb-caption-title-font-style:var(--h2_typography-font-style);--awb-caption-title-size:var(--h2_typography-font-size);--awb-caption-title-transform:var(--h2_typography-text-transform);--awb-caption-title-line-height:var(--h2_typography-line-height);--awb-caption-title-letter-spacing:var(--h2_typography-letter-spacing);\"><span class=\" fusion-imageframe imageframe-none imageframe-2 hover-type-none\"><img decoding=\"async\" src=\"data:image\/gif;base64,R0lGODlhAQABAAAAACH5BAEKAAEALAAAAAABAAEAAAICTAEAOw==\" data-orig-src=\"https:\/\/n5yk.de\/academy\/wp-content\/uploads\/sites\/6\/2019\/10\/dozentin-nanny-akademie-barbara-tilmann.png\" alt class=\"lazyload img-responsive\"><\/span><\/div><\/div><\/div><div class=\"fusion-layout-column fusion_builder_column_inner fusion-builder-nested-column-1 fusion_builder_column_inner_1_2 1_2 fusion-flex-column\" style=\"--awb-padding-right:5%;--awb-bg-size:cover;--awb-width-large:50%;--awb-margin-top-large:0px;--awb-spacing-right-large:0px;--awb-margin-bottom-large:20px;--awb-spacing-left-large:0px;--awb-width-medium:100%;--awb-spacing-right-medium:0px;--awb-spacing-left-medium:0px;--awb-width-small:100%;--awb-spacing-right-small:0px;--awb-spacing-left-small:0px;\"><div class=\"fusion-column-wrapper fusion-column-has-shadow fusion-flex-justify-content-flex-start fusion-content-layout-column\"><div class=\"fusion-separator fusion-no-small-visibility fusion-full-width-sep\" style=\"align-self: center;margin-left: auto;margin-right: auto;margin-top:20px;width:100%;\"><\/div><div class=\"fusion-text fusion-text-5\"><h5>Dozen\u00adtin: Dr. Bar\u00adba\u00adra Tilmann<\/h5>\n<p>Dr. Bar\u00adba\u00adra Til\u00admann ist All\u00adge\u00admein\u00ad\u00e4rz\u00adtin mit eige\u00adner Pra\u00adxis in M\u00fcn\u00adchen und Uffing am Staf\u00adfel\u00adsee und Mut\u00adter von zwei Kin\u00addern. Sie arbei\u00adtet im medi\u00adzi\u00adni\u00adschen Bereich nach schul\u00adme\u00addi\u00adzi\u00adni\u00adschen Metho\u00adden, mit klas\u00adsi\u00adscher Hom\u00f6o\u00adpa\u00adthie, Ohr\u00adaku\u00adpunk\u00adtur, Bl\u00fc\u00adten\u00ades\u00adsen\u00adzen (nach Dr. Bach u.a.), mikro\u00adbio\u00adlo\u00adgi\u00adscher The\u00adra\u00adpie und Meta\u00adbo\u00adlic Balan\u00adce. Im the\u00adra\u00adpeu\u00adti\u00adschen Bereich wen\u00addet sie u.a. an sys\u00adte\u00admi\u00adsche K\u00f6r\u00adper\u00adthe\u00adra\u00adpie, k\u00f6r\u00adper\u00adzen\u00adtrier\u00adte Bewusst\u00adseins\u00adar\u00adbeit und kom\u00adtem\u00adpla\u00adti\u00adves Kom\u00admu\u00adni\u00adka\u00adti\u00adons\u00adtrai\u00adning. Dr. Til\u00admann ist Autorin im K\u00f6sel Verlag.<\/p>\n<\/div><\/div><\/div><\/div><\/div><\/div><\/div><\/div>\n<div class=\"fusion-fullwidth fullwidth-box fusion-builder-row-5 fusion-flex-container nonhundred-percent-fullwidth non-hundred-percent-height-scrolling\" style=\"--awb-border-radius-top-left:0px;--awb-border-radius-top-right:0px;--awb-border-radius-bottom-right:0px;--awb-border-radius-bottom-left:0px;--awb-padding-top:0px;--awb-padding-right:30px;--awb-padding-bottom:0px;--awb-padding-left:30px;--awb-margin-top:0px;--awb-margin-bottom:0px;--awb-flex-wrap:wrap;\"><div class=\"fusion-builder-row fusion-row fusion-flex-align-items-flex-start fusion-flex-content-wrap\" style=\"max-width:1040px;margin-left: calc(-4% \/ 2 );margin-right: calc(-4% \/ 2 );\"><div class=\"fusion-layout-column fusion_builder_column fusion-builder-column-5 fusion_builder_column_1_1 1_1 fusion-flex-column\" style=\"--awb-padding-right:2%;--awb-padding-left:2%;--awb-bg-size:cover;--awb-width-large:100%;--awb-margin-top-large:20px;--awb-spacing-right-large:1.92%;--awb-margin-bottom-large:0px;--awb-spacing-left-large:1.92%;--awb-width-medium:100%;--awb-spacing-right-medium:1.92%;--awb-spacing-left-medium:1.92%;--awb-width-small:100%;--awb-spacing-right-small:1.92%;--awb-spacing-left-small:1.92%;\"><div class=\"fusion-column-wrapper fusion-column-has-shadow fusion-flex-justify-content-flex-start fusion-content-layout-column\"><div class=\"fusion-text fusion-text-6\"><h5>Semi\u00adnar\u00adzei\u00adten<\/h5>\n<p>nach indi\u00advi\u00addu\u00adel\u00adler Absprache<\/p>\n<\/div><div class=\"fusion-builder-row fusion-builder-row-inner fusion-row fusion-flex-align-items-flex-start fusion-flex-content-wrap\" style=\"width:104% !important;max-width:104% !important;margin-left: calc(-4% \/ 2 );margin-right: calc(-4% \/ 2 );\"><div class=\"fusion-layout-column fusion_builder_column_inner fusion-builder-nested-column-2 fusion_builder_column_inner_1_2 1_2 fusion-flex-column\" style=\"--awb-bg-size:cover;--awb-width-large:50%;--awb-margin-top-large:0px;--awb-spacing-right-large:3.84%;--awb-margin-bottom-large:20px;--awb-spacing-left-large:3.84%;--awb-width-medium:100%;--awb-spacing-right-medium:1.92%;--awb-spacing-left-medium:1.92%;--awb-width-small:100%;--awb-spacing-right-small:1.92%;--awb-spacing-left-small:1.92%;\"><div class=\"fusion-column-wrapper fusion-column-has-shadow fusion-flex-justify-content-flex-start fusion-content-layout-column\"><div class=\"fusion-text fusion-text-7\"><h5>Semi\u00adnar\u00adort<\/h5>\n<p><a href=\"https:\/\/n5yk.de\/academy\/seminarort-tutzing-am-starnberger-see-nanny-akademie-weiterbildung-fuer-nannies\/\">Semi\u00adnar\u00adzen\u00adtrum Tutz\u00ading am Starn\u00adber\u00adger&nbsp;See<\/a><\/p>\n<\/div><\/div><\/div><div class=\"fusion-layout-column fusion_builder_column_inner fusion-builder-nested-column-3 fusion_builder_column_inner_1_2 1_2 fusion-flex-column\" style=\"--awb-padding-right:6%;--awb-bg-size:cover;--awb-width-large:50%;--awb-margin-top-large:0px;--awb-spacing-right-large:3.84%;--awb-margin-bottom-large:20px;--awb-spacing-left-large:3.84%;--awb-width-medium:100%;--awb-spacing-right-medium:1.92%;--awb-spacing-left-medium:1.92%;--awb-width-small:100%;--awb-spacing-right-small:1.92%;--awb-spacing-left-small:1.92%;\"><div class=\"fusion-column-wrapper fusion-column-has-shadow fusion-flex-justify-content-flex-start fusion-content-layout-column\"><div class=\"fusion-text fusion-text-8\"><h5>Semi\u00adnar\u00adab\u00adschluss<\/h5>\n<p>Zer\u00adti\u00adfi\u00adzie\u00adrung als High Pro\u00adfi\u00adle Nanny<\/p>\n<\/div><\/div><\/div><\/div><div class=\"fusion-text fusion-text-9\"><p>Die\u00adses Semi\u00adnar f\u00fcr Komm\u00admu\u00adni\u00adka\u00adti\u00adon und Per\u00ads\u00f6n\u00adlich\u00adkeits\u00adent\u00adwick\u00adlung an der N4YK Aca\u00adde\u00admy hilft Nan\u00adnys und Mate\u00adr\u00adni\u00adty Nur\u00adses, sich im Beruf mit neu\u00ader Power zu zeigen.<\/p>\n<\/div><\/div><\/div><\/div><\/div>\n","protected":false},"excerpt":{"rendered":"","protected":false},"author":17,"featured_media":962,"comment_status":"closed","ping_status":"closed","sticky":false,"template":"","format":"standard","meta":{"wp_typography_post_enhancements_disabled":false,"footnotes":""},"categories":[20],"tags":[177,160,25,153,221,175],"class_list":["post-964","post","type-post","status-publish","format-standard","has-post-thumbnail","hentry","category-seminare","tag-ausbildung-zur-nanny","tag-high-profile-nanny","tag-nanny","tag-nanny-beruf","tag-nanny-schulung","tag-seminare-nannies"],"yoast_head":"<!-- This site is optimized with the Yoast SEO plugin v27.5 - https:\/\/yoast.com\/product\/yoast-seo-wordpress\/ -->\n<title>YOU&#039;VE GOT THE POWER \u2013 das Auszeit Seminar f\u00fcr Nannies<\/title>\n<meta name=\"description\" content=\"N4YK \u2013 Nanny Akademie. YOU&#039;VE GOT THE POWER \u2013 das Auszeit Seminar f\u00fcr Nannies mit Dozentin Dr. Barbara Tilman Jetzt buchen! +49 08158-907 36 37\" \/>\n<meta name=\"robots\" content=\"noindex, follow, max-snippet:-1, max-image-preview:large, max-video-preview:-1\" \/>\n<meta property=\"og:locale\" content=\"de_DE\" \/>\n<meta property=\"og:type\" content=\"article\" \/>\n<meta property=\"og:title\" content=\"YOU&#039;VE GOT THE POWER \u2013 das Auszeit Seminar f\u00fcr Nannies\" \/>\n<meta property=\"og:description\" content=\"N4YK \u2013 Nanny Akademie. YOU&#039;VE GOT THE POWER \u2013 das Auszeit Seminar f\u00fcr Nannies mit Dozentin Dr. Barbara Tilman Jetzt buchen! +49 08158-907 36 37\" \/>\n<meta property=\"og:url\" content=\"https:\/\/n5yk.de\/academy\/youve-got-the-power-auszeit-seminar-fuer-nannies\/\" \/>\n<meta property=\"og:site_name\" content=\"Academy\" \/>\n<meta property=\"article:published_time\" content=\"2019-09-30T11:32:07+00:00\" \/>\n<meta property=\"article:modified_time\" content=\"2023-08-13T15:15:19+00:00\" \/>\n<meta property=\"og:image\" content=\"https:\/\/n5yk.de\/academy\/wp-content\/uploads\/sites\/6\/2019\/09\/Auszeit-seminar-nanny-akademie-coaching-erholhung-1.jpg\" \/>\n\t<meta property=\"og:image:width\" content=\"2133\" \/>\n\t<meta property=\"og:image:height\" content=\"2133\" \/>\n\t<meta property=\"og:image:type\" content=\"image\/jpeg\" \/>\n<meta name=\"author\" content=\"newacademy\" \/>\n<meta name=\"twitter:card\" content=\"summary_large_image\" \/>\n<meta name=\"twitter:label1\" content=\"Verfasst von\" \/>\n\t<meta name=\"twitter:data1\" content=\"newacademy\" \/>\n\t<meta name=\"twitter:label2\" content=\"Gesch\u00e4tzte Lesezeit\" \/>\n\t<meta name=\"twitter:data2\" content=\"11\u00a0Minuten\" \/>\n<script type=\"application\/ld+json\" class=\"yoast-schema-graph\">{\"@context\":\"https:\\\/\\\/schema.org\",\"@graph\":[{\"@type\":\"Article\",\"@id\":\"https:\\\/\\\/n5yk.de\\\/academy\\\/youve-got-the-power-auszeit-seminar-fuer-nannies\\\/#article\",\"isPartOf\":{\"@id\":\"https:\\\/\\\/n5yk.de\\\/academy\\\/youve-got-the-power-auszeit-seminar-fuer-nannies\\\/\"},\"author\":{\"name\":\"newacademy\",\"@id\":\"https:\\\/\\\/n5yk.de\\\/academy\\\/#\\\/schema\\\/person\\\/a1bf6e60cad973ffc7dbed4d7486b6f9\"},\"headline\":\"YOU\u2019VE GOT THE POWER \u2013 das&nbsp;Aus\u00adzeit Semi\u00adnar f\u00fcr Nannies\",\"datePublished\":\"2019-09-30T11:32:07+00:00\",\"dateModified\":\"2023-08-13T15:15:19+00:00\",\"mainEntityOfPage\":{\"@id\":\"https:\\\/\\\/n5yk.de\\\/academy\\\/youve-got-the-power-auszeit-seminar-fuer-nannies\\\/\"},\"wordCount\":1910,\"image\":{\"@id\":\"https:\\\/\\\/n5yk.de\\\/academy\\\/youve-got-the-power-auszeit-seminar-fuer-nannies\\\/#primaryimage\"},\"thumbnailUrl\":\"https:\\\/\\\/n5yk.de\\\/academy\\\/wp-content\\\/uploads\\\/sites\\\/6\\\/2019\\\/09\\\/Auszeit-seminar-nanny-akademie-coaching-erholhung-1.webp\",\"keywords\":[\"ausbildung zur nanny\",\"high profile nanny\",\"Nanny\",\"nanny beruf\",\"nanny schulung\",\"seminare nannies\"],\"articleSection\":[\"Seminare\"],\"inLanguage\":\"de\"},{\"@type\":\"WebPage\",\"@id\":\"https:\\\/\\\/n5yk.de\\\/academy\\\/youve-got-the-power-auszeit-seminar-fuer-nannies\\\/\",\"url\":\"https:\\\/\\\/n5yk.de\\\/academy\\\/youve-got-the-power-auszeit-seminar-fuer-nannies\\\/\",\"name\":\"YOU'VE GOT THE POWER \u2013 das Auszeit Seminar f\u00fcr Nannies\",\"isPartOf\":{\"@id\":\"https:\\\/\\\/n5yk.de\\\/academy\\\/#website\"},\"primaryImageOfPage\":{\"@id\":\"https:\\\/\\\/n5yk.de\\\/academy\\\/youve-got-the-power-auszeit-seminar-fuer-nannies\\\/#primaryimage\"},\"image\":{\"@id\":\"https:\\\/\\\/n5yk.de\\\/academy\\\/youve-got-the-power-auszeit-seminar-fuer-nannies\\\/#primaryimage\"},\"thumbnailUrl\":\"https:\\\/\\\/n5yk.de\\\/academy\\\/wp-content\\\/uploads\\\/sites\\\/6\\\/2019\\\/09\\\/Auszeit-seminar-nanny-akademie-coaching-erholhung-1.webp\",\"datePublished\":\"2019-09-30T11:32:07+00:00\",\"dateModified\":\"2023-08-13T15:15:19+00:00\",\"author\":{\"@id\":\"https:\\\/\\\/n5yk.de\\\/academy\\\/#\\\/schema\\\/person\\\/a1bf6e60cad973ffc7dbed4d7486b6f9\"},\"description\":\"N4YK \u2013 Nanny Akademie. YOU'VE GOT THE POWER \u2013 das Auszeit Seminar f\u00fcr Nannies mit Dozentin Dr. Barbara Tilman Jetzt buchen! +49 08158-907 36 37\",\"breadcrumb\":{\"@id\":\"https:\\\/\\\/n5yk.de\\\/academy\\\/youve-got-the-power-auszeit-seminar-fuer-nannies\\\/#breadcrumb\"},\"inLanguage\":\"de\",\"potentialAction\":[{\"@type\":\"ReadAction\",\"target\":[\"https:\\\/\\\/n5yk.de\\\/academy\\\/youve-got-the-power-auszeit-seminar-fuer-nannies\\\/\"]}]},{\"@type\":\"ImageObject\",\"inLanguage\":\"de\",\"@id\":\"https:\\\/\\\/n5yk.de\\\/academy\\\/youve-got-the-power-auszeit-seminar-fuer-nannies\\\/#primaryimage\",\"url\":\"https:\\\/\\\/n5yk.de\\\/academy\\\/wp-content\\\/uploads\\\/sites\\\/6\\\/2019\\\/09\\\/Auszeit-seminar-nanny-akademie-coaching-erholhung-1.webp\",\"contentUrl\":\"https:\\\/\\\/n5yk.de\\\/academy\\\/wp-content\\\/uploads\\\/sites\\\/6\\\/2019\\\/09\\\/Auszeit-seminar-nanny-akademie-coaching-erholhung-1.webp\",\"width\":2133,\"height\":2133,\"caption\":\"Entfalte Dein pers\u00f6nliches Potential. Dieses Seminar f\u00fcr Kommmunikation und Pers\u00f6nlichkeitsentwicklung an der Nanny Akademie hilft Nannys und Maternity Nurses, sich im Beruf mit neuer Power zu zeigen.\"},{\"@type\":\"BreadcrumbList\",\"@id\":\"https:\\\/\\\/n5yk.de\\\/academy\\\/youve-got-the-power-auszeit-seminar-fuer-nannies\\\/#breadcrumb\",\"itemListElement\":[{\"@type\":\"ListItem\",\"position\":1,\"name\":\"Startseite\",\"item\":\"https:\\\/\\\/n5yk.de\\\/academy\\\/\"},{\"@type\":\"ListItem\",\"position\":2,\"name\":\"YOU&#8217;VE GOT THE POWER \u2013 das\u00a0Auszeit Seminar f\u00fcr Nannies\"}]},{\"@type\":\"WebSite\",\"@id\":\"https:\\\/\\\/n5yk.de\\\/academy\\\/#website\",\"url\":\"https:\\\/\\\/n5yk.de\\\/academy\\\/\",\"name\":\"Academy\",\"description\":\"Training &amp; Weiterbildung f\u00fcr privates Familienpersonal\",\"potentialAction\":[{\"@type\":\"SearchAction\",\"target\":{\"@type\":\"EntryPoint\",\"urlTemplate\":\"https:\\\/\\\/n5yk.de\\\/academy\\\/?s={search_term_string}\"},\"query-input\":{\"@type\":\"PropertyValueSpecification\",\"valueRequired\":true,\"valueName\":\"search_term_string\"}}],\"inLanguage\":\"de\"},{\"@type\":\"Person\",\"@id\":\"https:\\\/\\\/n5yk.de\\\/academy\\\/#\\\/schema\\\/person\\\/a1bf6e60cad973ffc7dbed4d7486b6f9\",\"name\":\"newacademy\",\"image\":{\"@type\":\"ImageObject\",\"inLanguage\":\"de\",\"@id\":\"https:\\\/\\\/secure.gravatar.com\\\/avatar\\\/8ad479f50ef82fafe25750eecd0fb7a10ae798cda292df8efb4d1be27820ed27?s=96&d=mm&r=g\",\"url\":\"https:\\\/\\\/secure.gravatar.com\\\/avatar\\\/8ad479f50ef82fafe25750eecd0fb7a10ae798cda292df8efb4d1be27820ed27?s=96&d=mm&r=g\",\"contentUrl\":\"https:\\\/\\\/secure.gravatar.com\\\/avatar\\\/8ad479f50ef82fafe25750eecd0fb7a10ae798cda292df8efb4d1be27820ed27?s=96&d=mm&r=g\",\"caption\":\"newacademy\"},\"url\":\"https:\\\/\\\/n5yk.de\\\/academy\\\/author\\\/newacademy\\\/\"}]}<\/script>\n<!-- \/ Yoast SEO plugin. -->","yoast_head_json":{"title":"YOU'VE GOT THE POWER \u2013 das Auszeit Seminar f\u00fcr Nannies","description":"N4YK \u2013 Nanny Akademie. YOU'VE GOT THE POWER \u2013 das Auszeit Seminar f\u00fcr Nannies mit Dozentin Dr. Barbara Tilman Jetzt buchen! +49 08158-907 36 37","robots":{"index":"noindex","follow":"follow","max-snippet":"max-snippet:-1","max-image-preview":"max-image-preview:large","max-video-preview":"max-video-preview:-1"},"og_locale":"de_DE","og_type":"article","og_title":"YOU'VE GOT THE POWER \u2013 das Auszeit Seminar f\u00fcr Nannies","og_description":"N4YK \u2013 Nanny Akademie. YOU'VE GOT THE POWER \u2013 das Auszeit Seminar f\u00fcr Nannies mit Dozentin Dr. Barbara Tilman Jetzt buchen! +49 08158-907 36 37","og_url":"https:\/\/n5yk.de\/academy\/youve-got-the-power-auszeit-seminar-fuer-nannies\/","og_site_name":"Academy","article_published_time":"2019-09-30T11:32:07+00:00","article_modified_time":"2023-08-13T15:15:19+00:00","og_image":[{"width":2133,"height":2133,"url":"https:\/\/n5yk.de\/academy\/wp-content\/uploads\/sites\/6\/2019\/09\/Auszeit-seminar-nanny-akademie-coaching-erholhung-1.jpg","type":"image\/jpeg"}],"author":"newacademy","twitter_card":"summary_large_image","twitter_misc":{"Verfasst von":"newacademy","Gesch\u00e4tzte Lesezeit":"11\u00a0Minuten"},"schema":{"@context":"https:\/\/schema.org","@graph":[{"@type":"Article","@id":"https:\/\/n5yk.de\/academy\/youve-got-the-power-auszeit-seminar-fuer-nannies\/#article","isPartOf":{"@id":"https:\/\/n5yk.de\/academy\/youve-got-the-power-auszeit-seminar-fuer-nannies\/"},"author":{"name":"newacademy","@id":"https:\/\/n5yk.de\/academy\/#\/schema\/person\/a1bf6e60cad973ffc7dbed4d7486b6f9"},"headline":"YOU\u2019VE GOT THE POWER \u2013 das&nbsp;Aus\u00adzeit Semi\u00adnar f\u00fcr Nannies","datePublished":"2019-09-30T11:32:07+00:00","dateModified":"2023-08-13T15:15:19+00:00","mainEntityOfPage":{"@id":"https:\/\/n5yk.de\/academy\/youve-got-the-power-auszeit-seminar-fuer-nannies\/"},"wordCount":1910,"image":{"@id":"https:\/\/n5yk.de\/academy\/youve-got-the-power-auszeit-seminar-fuer-nannies\/#primaryimage"},"thumbnailUrl":"https:\/\/n5yk.de\/academy\/wp-content\/uploads\/sites\/6\/2019\/09\/Auszeit-seminar-nanny-akademie-coaching-erholhung-1.webp","keywords":["ausbildung zur nanny","high profile nanny","Nanny","nanny beruf","nanny schulung","seminare nannies"],"articleSection":["Seminare"],"inLanguage":"de"},{"@type":"WebPage","@id":"https:\/\/n5yk.de\/academy\/youve-got-the-power-auszeit-seminar-fuer-nannies\/","url":"https:\/\/n5yk.de\/academy\/youve-got-the-power-auszeit-seminar-fuer-nannies\/","name":"YOU'VE GOT THE POWER \u2013 das Auszeit Seminar f\u00fcr Nannies","isPartOf":{"@id":"https:\/\/n5yk.de\/academy\/#website"},"primaryImageOfPage":{"@id":"https:\/\/n5yk.de\/academy\/youve-got-the-power-auszeit-seminar-fuer-nannies\/#primaryimage"},"image":{"@id":"https:\/\/n5yk.de\/academy\/youve-got-the-power-auszeit-seminar-fuer-nannies\/#primaryimage"},"thumbnailUrl":"https:\/\/n5yk.de\/academy\/wp-content\/uploads\/sites\/6\/2019\/09\/Auszeit-seminar-nanny-akademie-coaching-erholhung-1.webp","datePublished":"2019-09-30T11:32:07+00:00","dateModified":"2023-08-13T15:15:19+00:00","author":{"@id":"https:\/\/n5yk.de\/academy\/#\/schema\/person\/a1bf6e60cad973ffc7dbed4d7486b6f9"},"description":"N4YK \u2013 Nanny Akademie. YOU'VE GOT THE POWER \u2013 das Auszeit Seminar f\u00fcr Nannies mit Dozentin Dr. Barbara Tilman Jetzt buchen! +49 08158-907 36 37","breadcrumb":{"@id":"https:\/\/n5yk.de\/academy\/youve-got-the-power-auszeit-seminar-fuer-nannies\/#breadcrumb"},"inLanguage":"de","potentialAction":[{"@type":"ReadAction","target":["https:\/\/n5yk.de\/academy\/youve-got-the-power-auszeit-seminar-fuer-nannies\/"]}]},{"@type":"ImageObject","inLanguage":"de","@id":"https:\/\/n5yk.de\/academy\/youve-got-the-power-auszeit-seminar-fuer-nannies\/#primaryimage","url":"https:\/\/n5yk.de\/academy\/wp-content\/uploads\/sites\/6\/2019\/09\/Auszeit-seminar-nanny-akademie-coaching-erholhung-1.webp","contentUrl":"https:\/\/n5yk.de\/academy\/wp-content\/uploads\/sites\/6\/2019\/09\/Auszeit-seminar-nanny-akademie-coaching-erholhung-1.webp","width":2133,"height":2133,"caption":"Entfalte Dein pers\u00f6nliches Potential. Dieses Seminar f\u00fcr Kommmunikation und Pers\u00f6nlichkeitsentwicklung an der Nanny Akademie hilft Nannys und Maternity Nurses, sich im Beruf mit neuer Power zu zeigen."},{"@type":"BreadcrumbList","@id":"https:\/\/n5yk.de\/academy\/youve-got-the-power-auszeit-seminar-fuer-nannies\/#breadcrumb","itemListElement":[{"@type":"ListItem","position":1,"name":"Startseite","item":"https:\/\/n5yk.de\/academy\/"},{"@type":"ListItem","position":2,"name":"YOU&#8217;VE GOT THE POWER \u2013 das\u00a0Auszeit Seminar f\u00fcr Nannies"}]},{"@type":"WebSite","@id":"https:\/\/n5yk.de\/academy\/#website","url":"https:\/\/n5yk.de\/academy\/","name":"Academy","description":"Training &amp; Weiterbildung f\u00fcr privates Familienpersonal","potentialAction":[{"@type":"SearchAction","target":{"@type":"EntryPoint","urlTemplate":"https:\/\/n5yk.de\/academy\/?s={search_term_string}"},"query-input":{"@type":"PropertyValueSpecification","valueRequired":true,"valueName":"search_term_string"}}],"inLanguage":"de"},{"@type":"Person","@id":"https:\/\/n5yk.de\/academy\/#\/schema\/person\/a1bf6e60cad973ffc7dbed4d7486b6f9","name":"newacademy","image":{"@type":"ImageObject","inLanguage":"de","@id":"https:\/\/secure.gravatar.com\/avatar\/8ad479f50ef82fafe25750eecd0fb7a10ae798cda292df8efb4d1be27820ed27?s=96&d=mm&r=g","url":"https:\/\/secure.gravatar.com\/avatar\/8ad479f50ef82fafe25750eecd0fb7a10ae798cda292df8efb4d1be27820ed27?s=96&d=mm&r=g","contentUrl":"https:\/\/secure.gravatar.com\/avatar\/8ad479f50ef82fafe25750eecd0fb7a10ae798cda292df8efb4d1be27820ed27?s=96&d=mm&r=g","caption":"newacademy"},"url":"https:\/\/n5yk.de\/academy\/author\/newacademy\/"}]}},"_links":{"self":[{"href":"https:\/\/n5yk.de\/academy\/wp-json\/wp\/v2\/posts\/964","targetHints":{"allow":["GET"]}}],"collection":[{"href":"https:\/\/n5yk.de\/academy\/wp-json\/wp\/v2\/posts"}],"about":[{"href":"https:\/\/n5yk.de\/academy\/wp-json\/wp\/v2\/types\/post"}],"author":[{"embeddable":true,"href":"https:\/\/n5yk.de\/academy\/wp-json\/wp\/v2\/users\/17"}],"replies":[{"embeddable":true,"href":"https:\/\/n5yk.de\/academy\/wp-json\/wp\/v2\/comments?post=964"}],"version-history":[{"count":0,"href":"https:\/\/n5yk.de\/academy\/wp-json\/wp\/v2\/posts\/964\/revisions"}],"wp:featuredmedia":[{"embeddable":true,"href":"https:\/\/n5yk.de\/academy\/wp-json\/wp\/v2\/media\/962"}],"wp:attachment":[{"href":"https:\/\/n5yk.de\/academy\/wp-json\/wp\/v2\/media?parent=964"}],"wp:term":[{"taxonomy":"category","embeddable":true,"href":"https:\/\/n5yk.de\/academy\/wp-json\/wp\/v2\/categories?post=964"},{"taxonomy":"post_tag","embeddable":true,"href":"https:\/\/n5yk.de\/academy\/wp-json\/wp\/v2\/tags?post=964"}],"curies":[{"name":"wp","href":"https:\/\/api.w.org\/{rel}","templated":true}]}}